{"id":4667,"date":"2023-08-10T14:47:57","date_gmt":"2023-08-10T14:47:57","guid":{"rendered":"https:\/\/kindertrauer-undmehr.at\/?p=4667"},"modified":"2023-08-10T14:48:00","modified_gmt":"2023-08-10T14:48:00","slug":"hospiz-macht-schule-ausbildung","status":"publish","type":"post","link":"https:\/\/kindertrauer-undmehr.at\/index.php\/2023\/08\/10\/hospiz-macht-schule-ausbildung\/","title":{"rendered":"Hospiz macht Schule Ausbildung"},"content":{"rendered":"<p>Mit Erdbeeren beschenkt! Gemeinsam mit meiner Kollegin S. Thalinger, MSc. , Gesch\u00e4ftsf\u00fchrerin Landesverband Hospiz N\u00d6 und Dachverband Hospiz \u00d6sterreich durfte ich wieder ehrenamtliche Mitarbeiter:innen der Hospizbewegung N\u00d6 und O\u00d6 zu Hospiz macht Schule Moderator:innen ausbilden. Wie das Bild zeigt hatten wir Freude und Spa\u00df an der Arbeit &#8211; alle Jahre wieder! DANKE f\u00fcr die k\u00f6stlichen Erdbeeren an die Teilnehmer:innen!<\/p>\n","protected":false},"excerpt":{"rendered":"<p>Mit Erdbeeren beschenkt! Gemeinsam mit meiner Kollegin S. Thalinger, MSc. , Gesch\u00e4ftsf\u00fchrerin Landesverband Hospiz N\u00d6 und Dachverband Hospiz \u00d6sterreich durfte ich wieder ehrenamtliche Mitarbeiter:innen der Hospizbewegung N\u00d6 und O\u00d6 zu Hospiz macht Schule Moderator:innen ausbilden. Wie das Bild zeigt hatten wir Freude und Spa\u00df an der Arbeit &#8211; alle Jahre wieder! DANKE f\u00fcr die k\u00f6stlichen &hellip; <a href=\"https:\/\/kindertrauer-undmehr.at\/index.php\/2023\/08\/10\/hospiz-macht-schule-ausbildung\/\" class=\"more-link\">Continue reading <span class=\"screen-reader-text\">Hospiz macht Schule Ausbildung<\/span><\/a><\/p>\n","protected":false},"author":1,"featured_media":4669,"comment_status":"closed","ping_status":"closed","sticky":false,"template":"","format":"standard","meta":{"footnotes":""},"categories":[1],"tags":[],"class_list":["post-4667","post","type-post","status-publish","format-standard","has-post-thumbnail","hentry","category-uncategorized"],"aioseo_notices":[],"_links":{"self":[{"href":"https:\/\/kindertrauer-undmehr.at\/index.php\/wp-json\/wp\/v2\/posts\/4667","targetHints":{"allow":["GET"]}}],"collection":[{"href":"https:\/\/kindertrauer-undmehr.at\/index.php\/wp-json\/wp\/v2\/posts"}],"about":[{"href":"https:\/\/kindertrauer-undmehr.at\/index.php\/wp-json\/wp\/v2\/types\/post"}],"author":[{"embeddable":true,"href":"https:\/\/kindertrauer-undmehr.at\/index.php\/wp-json\/wp\/v2\/users\/1"}],"replies":[{"embeddable":true,"href":"https:\/\/kindertrauer-undmehr.at\/index.php\/wp-json\/wp\/v2\/comments?post=4667"}],"version-history":[{"count":1,"href":"https:\/\/kindertrauer-undmehr.at\/index.php\/wp-json\/wp\/v2\/posts\/4667\/revisions"}],"predecessor-version":[{"id":4670,"href":"https:\/\/kindertrauer-undmehr.at\/index.php\/wp-json\/wp\/v2\/posts\/4667\/revisions\/4670"}],"wp:featuredmedia":[{"embeddable":true,"href":"https:\/\/kindertrauer-undmehr.at\/index.php\/wp-json\/wp\/v2\/media\/4669"}],"wp:attachment":[{"href":"https:\/\/kindertrauer-undmehr.at\/index.php\/wp-json\/wp\/v2\/media?parent=4667"}],"wp:term":[{"taxonomy":"category","embeddable":true,"href":"https:\/\/kindertrauer-undmehr.at\/index.php\/wp-json\/wp\/v2\/categories?post=4667"},{"taxonomy":"post_tag","embeddable":true,"href":"https:\/\/kindertrauer-undmehr.at\/index.php\/wp-json\/wp\/v2\/tags?post=4667"}],"curies":[{"name":"wp","href":"https:\/\/api.w.org\/{rel}","templated":true}]}}