{"id":4671,"date":"2023-08-10T14:53:57","date_gmt":"2023-08-10T14:53:57","guid":{"rendered":"https:\/\/kindertrauer-undmehr.at\/?p=4671"},"modified":"2023-08-10T14:54:02","modified_gmt":"2023-08-10T14:54:02","slug":"widower_brunch-vor-der-sommerpause","status":"publish","type":"post","link":"https:\/\/kindertrauer-undmehr.at\/index.php\/2023\/08\/10\/widower_brunch-vor-der-sommerpause\/","title":{"rendered":"Widower_Brunch vor der Sommerpause"},"content":{"rendered":"<p>Auch Gruppen d\u00fcrfen Sommerpause machen. Nach dem letzten Treffen freuen wir uns alle auf Sonne, Auszeit, W\u00e4rme, Wasser&#8230;.. Nat\u00fcrlich gehen die Treffen f\u00fcr junge und junggebliebenen Witwen und Witwer nach dem Sommer weiter und jederzeit k\u00f6nnen Betroffene dazu kommen. Bei Fragen und Interesse schreiben sie mir oder rufen sie mich an. Ich freue mich auf Sie!<\/p>\n","protected":false},"excerpt":{"rendered":"<p>Auch Gruppen d\u00fcrfen Sommerpause machen. Nach dem letzten Treffen freuen wir uns alle auf Sonne, Auszeit, W\u00e4rme, Wasser&#8230;.. Nat\u00fcrlich gehen die Treffen f\u00fcr junge und junggebliebenen Witwen und Witwer nach dem Sommer weiter und jederzeit k\u00f6nnen Betroffene dazu kommen. Bei Fragen und Interesse schreiben sie mir oder rufen sie mich an. Ich freue mich auf &hellip; <a href=\"https:\/\/kindertrauer-undmehr.at\/index.php\/2023\/08\/10\/widower_brunch-vor-der-sommerpause\/\" class=\"more-link\">Continue reading <span class=\"screen-reader-text\">Widower_Brunch vor der Sommerpause<\/span><\/a><\/p>\n","protected":false},"author":1,"featured_media":4672,"comment_status":"closed","ping_status":"closed","sticky":false,"template":"","format":"standard","meta":{"footnotes":""},"categories":[1],"tags":[],"class_list":["post-4671","post","type-post","status-publish","format-standard","has-post-thumbnail","hentry","category-uncategorized"],"aioseo_notices":[],"_links":{"self":[{"href":"https:\/\/kindertrauer-undmehr.at\/index.php\/wp-json\/wp\/v2\/posts\/4671","targetHints":{"allow":["GET"]}}],"collection":[{"href":"https:\/\/kindertrauer-undmehr.at\/index.php\/wp-json\/wp\/v2\/posts"}],"about":[{"href":"https:\/\/kindertrauer-undmehr.at\/index.php\/wp-json\/wp\/v2\/types\/post"}],"author":[{"embeddable":true,"href":"https:\/\/kindertrauer-undmehr.at\/index.php\/wp-json\/wp\/v2\/users\/1"}],"replies":[{"embeddable":true,"href":"https:\/\/kindertrauer-undmehr.at\/index.php\/wp-json\/wp\/v2\/comments?post=4671"}],"version-history":[{"count":1,"href":"https:\/\/kindertrauer-undmehr.at\/index.php\/wp-json\/wp\/v2\/posts\/4671\/revisions"}],"predecessor-version":[{"id":4673,"href":"https:\/\/kindertrauer-undmehr.at\/index.php\/wp-json\/wp\/v2\/posts\/4671\/revisions\/4673"}],"wp:featuredmedia":[{"embeddable":true,"href":"https:\/\/kindertrauer-undmehr.at\/index.php\/wp-json\/wp\/v2\/media\/4672"}],"wp:attachment":[{"href":"https:\/\/kindertrauer-undmehr.at\/index.php\/wp-json\/wp\/v2\/media?parent=4671"}],"wp:term":[{"taxonomy":"category","embeddable":true,"href":"https:\/\/kindertrauer-undmehr.at\/index.php\/wp-json\/wp\/v2\/categories?post=4671"},{"taxonomy":"post_tag","embeddable":true,"href":"https:\/\/kindertrauer-undmehr.at\/index.php\/wp-json\/wp\/v2\/tags?post=4671"}],"curies":[{"name":"wp","href":"https:\/\/api.w.org\/{rel}","templated":true}]}}