{"id":4863,"date":"2025-02-06T17:36:09","date_gmt":"2025-02-06T17:36:09","guid":{"rendered":"https:\/\/kindertrauer-undmehr.at\/?p=4863"},"modified":"2025-02-06T17:36:16","modified_gmt":"2025-02-06T17:36:16","slug":"vortrag-in-salzburg","status":"publish","type":"post","link":"https:\/\/kindertrauer-undmehr.at\/index.php\/2025\/02\/06\/vortrag-in-salzburg\/","title":{"rendered":"Vortrag in Salzburg"},"content":{"rendered":"<p>Im Rahmen des \u00f6sterreichweiten Vernetzungstreffen f\u00fcr palliative P\u00e4diatrie durften ich einen Vortrag zum Thema Sprachlosigkeit und Kommunikation halten. Mit HERZ und MUT war mein Titel, waren meine Inhalte und waren auch die Gespr\u00e4chsimpulse f\u00fcr den anschlie\u00dfenden Erfahrungsaustausch. DANKE dem Dachverband Hospiz \u00d6sterreich f\u00fcr die Einladung. Im Bild mit mir Sonja Thalinger\u00a0 und Claudia Nemeth &#8211; beide DV Hospiz \u00d6sterreich<\/p>\n","protected":false},"excerpt":{"rendered":"<p>Im Rahmen des \u00f6sterreichweiten Vernetzungstreffen f\u00fcr palliative P\u00e4diatrie durften ich einen Vortrag zum Thema Sprachlosigkeit und Kommunikation halten. Mit HERZ und MUT war mein Titel, waren meine Inhalte und waren auch die Gespr\u00e4chsimpulse f\u00fcr den anschlie\u00dfenden Erfahrungsaustausch. DANKE dem Dachverband Hospiz \u00d6sterreich f\u00fcr die Einladung. Im Bild mit mir Sonja Thalinger\u00a0 und Claudia Nemeth &#8211; &hellip; <a href=\"https:\/\/kindertrauer-undmehr.at\/index.php\/2025\/02\/06\/vortrag-in-salzburg\/\" class=\"more-link\">Continue reading <span class=\"screen-reader-text\">Vortrag in Salzburg<\/span><\/a><\/p>\n","protected":false},"author":1,"featured_media":4862,"comment_status":"closed","ping_status":"closed","sticky":false,"template":"","format":"standard","meta":{"footnotes":""},"categories":[1],"tags":[],"class_list":["post-4863","post","type-post","status-publish","format-standard","has-post-thumbnail","hentry","category-uncategorized"],"aioseo_notices":[],"_links":{"self":[{"href":"https:\/\/kindertrauer-undmehr.at\/index.php\/wp-json\/wp\/v2\/posts\/4863","targetHints":{"allow":["GET"]}}],"collection":[{"href":"https:\/\/kindertrauer-undmehr.at\/index.php\/wp-json\/wp\/v2\/posts"}],"about":[{"href":"https:\/\/kindertrauer-undmehr.at\/index.php\/wp-json\/wp\/v2\/types\/post"}],"author":[{"embeddable":true,"href":"https:\/\/kindertrauer-undmehr.at\/index.php\/wp-json\/wp\/v2\/users\/1"}],"replies":[{"embeddable":true,"href":"https:\/\/kindertrauer-undmehr.at\/index.php\/wp-json\/wp\/v2\/comments?post=4863"}],"version-history":[{"count":1,"href":"https:\/\/kindertrauer-undmehr.at\/index.php\/wp-json\/wp\/v2\/posts\/4863\/revisions"}],"predecessor-version":[{"id":4864,"href":"https:\/\/kindertrauer-undmehr.at\/index.php\/wp-json\/wp\/v2\/posts\/4863\/revisions\/4864"}],"wp:featuredmedia":[{"embeddable":true,"href":"https:\/\/kindertrauer-undmehr.at\/index.php\/wp-json\/wp\/v2\/media\/4862"}],"wp:attachment":[{"href":"https:\/\/kindertrauer-undmehr.at\/index.php\/wp-json\/wp\/v2\/media?parent=4863"}],"wp:term":[{"taxonomy":"category","embeddable":true,"href":"https:\/\/kindertrauer-undmehr.at\/index.php\/wp-json\/wp\/v2\/categories?post=4863"},{"taxonomy":"post_tag","embeddable":true,"href":"https:\/\/kindertrauer-undmehr.at\/index.php\/wp-json\/wp\/v2\/tags?post=4863"}],"curies":[{"name":"wp","href":"https:\/\/api.w.org\/{rel}","templated":true}]}}